{"id":8,"date":"2021-03-19T11:22:43","date_gmt":"2021-03-19T11:22:43","guid":{"rendered":"https:\/\/vigani-catering.ch\/?p=8"},"modified":"2021-07-26T19:35:02","modified_gmt":"2021-07-26T19:35:02","slug":"contatto","status":"publish","type":"post","link":"https:\/\/vigani-catering.ch\/index.php\/2021\/03\/19\/contatto\/","title":{"rendered":"Chi siamo"},"content":{"rendered":"\n<p class=\"has-black-color has-text-color wp-block-paragraph\" style=\"font-size:17px\"><strong>VIGANI CATERING<\/strong><\/p>\n\n\n\n<p class=\"has-black-color has-text-color wp-block-paragraph\" style=\"font-size:17px\">Vigani Catering offre delle soluzioni personalizzate per ricorrenze speciali, per eventi privati o aziendali. Contattatemi per discutere insieme la vostra idea e sar\u00f2 lieto di proporvi un\u2019offerta.<\/p>\n\n\n\n<p class=\"has-black-color has-text-color wp-block-paragraph\" style=\"font-size:17px\">Mi chiamo Lauro Vigani, sono nato nel 1982 a Minusio dove attualmente vivo con la mia compagna Nadine. La mia grande passione \u00e8 sempre stata la cucina e da qualche anno mi sono specializzato in servizi di catering, take away, servizio di consegna a domicilio. Organizzo pranzi, cene, aperitivi per ogni evento dalle feste campestri, matrimoni, meeting di lavoro o una semplice cena tra amici, garantendo assoluta competenza e professionalit\u00e0. Con l\u2019aiuto di validi collaboratori sar\u00f2 felice di soddisfare ogni vostra richiesta.<\/p>\n\n\n\n<p class=\"has-black-color has-text-color wp-block-paragraph\" style=\"font-size:17px\"><strong>Dove<\/strong><\/p>\n\n\n\n<p class=\"has-black-color has-text-color wp-block-paragraph\" style=\"font-size:17px\">Il servizio di catering \u00e8 disponibile in tutto il Ticino, per quello che riguarda il TAKE AWAY il ritiro \u00e8 a Minusio e le consegne a domicilio sono gratuite in tutto il Locarnese.<br>Le varie proposte Men\u00f9 verranno proposti su questo sito con relativi costi.<\/p>\n\n\n\n<p class=\"has-black-color has-text-color wp-block-paragraph\" style=\"font-size:17px\"><strong>Collaborazioni<\/strong><\/p>\n\n\n\n<p class=\"has-black-color has-text-color wp-block-paragraph\" style=\"font-size:17px\">Possibilit\u00e0 di vivere un\u2019esperienza unica navigando sul lago Maggiore a bordo del catamarano di Edgar e Nadia (Lago Maggiore Sailing, <a rel=\"noreferrer noopener\" href=\"https:\/\/lagomaggiore-sailing.ch\/\" target=\"_blank\">https:\/\/lagomaggiore-sailing.ch <\/a> ) da alcuni anni collaboro con loro mettendo a disposizione la parte culinaria. Sul catamarano potrete cenare o fare un semplice aperitivo.<\/p>\n\n\n\n<p class=\"has-vivid-cyan-blue-color has-text-color wp-block-paragraph\" style=\"font-size:18px\"><strong>Contattaci per un preventivo<\/strong><\/p>\n\n\n\n<div class=\"wp-block-contact-form-7-contact-form-selector\">\n<div class=\"wpcf7 no-js\" id=\"wpcf7-f127-o1\" lang=\"it-IT\" dir=\"ltr\">\n<div class=\"screen-reader-response\"><p role=\"status\" aria-live=\"polite\" aria-atomic=\"true\"><\/p> <ul><\/ul><\/div>\n<form action=\"\/index.php\/wp-json\/wp\/v2\/posts\/8#wpcf7-f127-o1\" method=\"post\" class=\"wpcf7-form init\" aria-label=\"Modulo di contatto\" novalidate=\"novalidate\" data-status=\"init\">\n<div style=\"display: none;\">\n<input type=\"hidden\" name=\"_wpcf7\" value=\"127\" \/>\n<input type=\"hidden\" name=\"_wpcf7_version\" value=\"5.9.8\" \/>\n<input type=\"hidden\" name=\"_wpcf7_locale\" value=\"it_IT\" \/>\n<input type=\"hidden\" name=\"_wpcf7_unit_tag\" value=\"wpcf7-f127-o1\" \/>\n<input type=\"hidden\" name=\"_wpcf7_container_post\" value=\"0\" \/>\n<input type=\"hidden\" name=\"_wpcf7_posted_data_hash\" value=\"\" \/>\n<\/div>\n<p><label> Nome<br \/>\n<span class=\"wpcf7-form-control-wrap\" data-name=\"your-name\"><input size=\"40\" maxlength=\"400\" class=\"wpcf7-form-control wpcf7-text wpcf7-validates-as-required\" aria-required=\"true\" aria-invalid=\"false\" value=\"\" type=\"text\" name=\"your-name\" \/><\/span> <\/label>\n<\/p>\n<p><label> Cognome<br \/>\n<span class=\"wpcf7-form-control-wrap\" data-name=\"Cognome\"><input size=\"40\" maxlength=\"400\" class=\"wpcf7-form-control wpcf7-text wpcf7-validates-as-required\" aria-required=\"true\" aria-invalid=\"false\" value=\"\" type=\"text\" name=\"Cognome\" \/><\/span> <\/label>\n<\/p>\n<p><label> Telefono<br \/>\n<span class=\"wpcf7-form-control-wrap\" data-name=\"Telefono\"><input size=\"40\" maxlength=\"400\" class=\"wpcf7-form-control wpcf7-text wpcf7-validates-as-required\" aria-required=\"true\" aria-invalid=\"false\" value=\"\" type=\"text\" name=\"Telefono\" \/><\/span> <\/label>\n<\/p>\n<p><label> La tua email<br \/>\n<span class=\"wpcf7-form-control-wrap\" data-name=\"your-email\"><input size=\"40\" maxlength=\"400\" class=\"wpcf7-form-control wpcf7-email wpcf7-validates-as-required wpcf7-text wpcf7-validates-as-email\" aria-required=\"true\" aria-invalid=\"false\" value=\"\" type=\"email\" name=\"your-email\" \/><\/span> <\/label>\n<\/p>\n<p><label> Messaggio<br \/>\n<span class=\"wpcf7-form-control-wrap\" data-name=\"your-message\"><textarea cols=\"40\" rows=\"10\" maxlength=\"2000\" class=\"wpcf7-form-control wpcf7-textarea\" aria-invalid=\"false\" name=\"your-message\"><\/textarea><\/span> <\/label>\n<\/p>\n<p><input class=\"wpcf7-form-control wpcf7-submit has-spinner\" type=\"submit\" value=\"Invia\" \/>\n<\/p><div class=\"wpcf7-response-output\" aria-hidden=\"true\"><\/div>\n<\/form>\n<\/div>\n<\/div>\n","protected":false},"excerpt":{"rendered":"<p>VIGANI CATERING Vigani Catering offre delle soluzioni personalizzate per ricorrenze speciali, per eventi privati o aziendali. Contattatemi per discutere insieme la vostra idea e sar\u00f2 lieto di proporvi un\u2019offerta. Mi chiamo Lauro Vigani, sono nato nel 1982 a Minusio dove attualmente vivo con la mia compagna Nadine. La mia grande passione \u00e8 sempre stata la&hellip; <br \/> <a class=\"read-more\" href=\"https:\/\/vigani-catering.ch\/index.php\/2021\/03\/19\/contatto\/\">Leggi tutto<\/a><\/p>\n","protected":false},"author":1,"featured_media":6,"comment_status":"open","ping_status":"closed","sticky":false,"template":"","format":"standard","meta":{"footnotes":""},"categories":[6],"tags":[],"class_list":["post-8","post","type-post","status-publish","format-standard","has-post-thumbnail","hentry","category-contatti"],"_links":{"self":[{"href":"https:\/\/vigani-catering.ch\/index.php\/wp-json\/wp\/v2\/posts\/8","targetHints":{"allow":["GET"]}}],"collection":[{"href":"https:\/\/vigani-catering.ch\/index.php\/wp-json\/wp\/v2\/posts"}],"about":[{"href":"https:\/\/vigani-catering.ch\/index.php\/wp-json\/wp\/v2\/types\/post"}],"author":[{"embeddable":true,"href":"https:\/\/vigani-catering.ch\/index.php\/wp-json\/wp\/v2\/users\/1"}],"replies":[{"embeddable":true,"href":"https:\/\/vigani-catering.ch\/index.php\/wp-json\/wp\/v2\/comments?post=8"}],"version-history":[{"count":36,"href":"https:\/\/vigani-catering.ch\/index.php\/wp-json\/wp\/v2\/posts\/8\/revisions"}],"predecessor-version":[{"id":713,"href":"https:\/\/vigani-catering.ch\/index.php\/wp-json\/wp\/v2\/posts\/8\/revisions\/713"}],"wp:featuredmedia":[{"embeddable":true,"href":"https:\/\/vigani-catering.ch\/index.php\/wp-json\/wp\/v2\/media\/6"}],"wp:attachment":[{"href":"https:\/\/vigani-catering.ch\/index.php\/wp-json\/wp\/v2\/media?parent=8"}],"wp:term":[{"taxonomy":"category","embeddable":true,"href":"https:\/\/vigani-catering.ch\/index.php\/wp-json\/wp\/v2\/categories?post=8"},{"taxonomy":"post_tag","embeddable":true,"href":"https:\/\/vigani-catering.ch\/index.php\/wp-json\/wp\/v2\/tags?post=8"}],"curies":[{"name":"wp","href":"https:\/\/api.w.org\/{rel}","templated":true}]}}